{"id":2288,"date":"2025-09-03T11:16:30","date_gmt":"2025-09-03T09:16:30","guid":{"rendered":"https:\/\/groupe-sfimmo.ch\/die-beunruhigende-sackgasse-des-schweizer-immobilienmarkts\/"},"modified":"2024-08-21T17:29:48","modified_gmt":"2024-08-21T15:29:48","slug":"die-beunruhigende-sackgasse-des-schweizer-immobilienmarkts","status":"publish","type":"post","link":"https:\/\/groupe-sfimmo.ch\/de\/die-beunruhigende-sackgasse-des-schweizer-immobilienmarkts\/","title":{"rendered":"Die beunruhigende Sackgasse des Schweizer Immobilienmarkts"},"content":{"rendered":"\n<div \n     class=\"\n        content-wrapper \n        content-wrapper--padding-top-default        content-wrapper--padding-bottom-default \n        content-wrapper--background-color-white \n         \n         \n         \n         \n                \n                \n    \">\n    <div class=\"content-wrapper__anchor\" id=\"\"><\/div>\n    <div class=\"container \" style=\"margin-top: px; margin-bottom: px;\">\n        <div class=\"acf-innerblocks-container\">\n<div class=\"text-module content-block\">\n            <div class=\"text-module__text cs-text-thin  text-module__text--offset \"> \n            <p>EDITORIAL. Der Schweizer Immobilienmarkt ist nicht mehr in der Lage, die Nachfrage in den wichtigsten Ballungsr\u00e4umen des Landes zu befriedigen. Ein Ph\u00e4nomen, das eine gef\u00e4hrliche Zeitbombe darstellt In Argentinien reichte der Amtsantritt eines ausgesprochen liberalen Pr\u00e4sidenten aus, um einen stillgelegten Immobilienmarkt zu beleben. Durch die Aufhebung unsinniger Auflagen hat Javier Milei die Eigent\u00fcmer dazu gebracht, Tausende von Wohnungen wieder zu vermieten, ohne dass es bislang zu einer Preisexplosion gekommen ist. Das lateinamerikanische Land ist zu einem Versuchslabor f\u00fcr das totale wirtschaftliche Laissez-faire geworden.<\/p>\n        <\/div>\n        <\/div>\n\n\n<div class=\"buttons-module  buttons-module--offset  content-block \">\n            <div class=\"buttons-module__buttons\">\n                                                                                                                <a \n                        class=\"btn btn-primary \" \n                        href=\"https:\/\/www.letemps.ch\/opinions\/editoriaux\/l-inquietante-impasse-immobiliere-suisse\" \n                                            >\n                        Den ganzen Artikel lesen                    <\/a>\n                                    <\/div>\n    <\/div>\n\n<\/div>\n    <\/div>\n<\/div>","protected":false},"excerpt":{"rendered":"<p>EDITORIAL. Der Schweizer Immobilienmarkt ist nicht mehr in der Lage, die Nachfrage in den wichtigsten Ballungsr\u00e4umen des Landes zu befriedigen. Ein Ph\u00e4nomen, das eine gef\u00e4hrliche Zeitbombe darstellt<\/p>\n","protected":false},"author":23,"featured_media":2289,"comment_status":"closed","ping_status":"closed","sticky":false,"template":"","format":"standard","meta":{"_acf_changed":false,"inline_featured_image":false,"footnotes":""},"categories":[1],"tags":[],"class_list":["post-2288","post","type-post","status-publish","format-standard","has-post-thumbnail","hentry","category-non-classifiee"],"acf":[],"yoast_head":"<!-- This site is optimized with the Yoast SEO plugin v27.4 - https:\/\/yoast.com\/product\/yoast-seo-wordpress\/ -->\n<title>Die beunruhigende Sackgasse des Schweizer Immobilienmarkts - Groupe SF Immo<\/title>\n<meta name=\"robots\" content=\"noindex, follow\" \/>\n<meta property=\"og:locale\" content=\"de_DE\" \/>\n<meta property=\"og:type\" content=\"article\" \/>\n<meta property=\"og:title\" content=\"Die beunruhigende Sackgasse des Schweizer Immobilienmarkts - Groupe SF Immo\" \/>\n<meta property=\"og:description\" content=\"EDITORIAL. Der Schweizer Immobilienmarkt ist nicht mehr in der Lage, die Nachfrage in den wichtigsten Ballungsr\u00e4umen des Landes zu befriedigen. Ein Ph\u00e4nomen, das eine gef\u00e4hrliche Zeitbombe darstellt\" \/>\n<meta property=\"og:url\" content=\"https:\/\/groupe-sfimmo.ch\/de\/die-beunruhigende-sackgasse-des-schweizer-immobilienmarkts\/\" \/>\n<meta property=\"og:site_name\" content=\"Groupe SF Immo\" \/>\n<meta property=\"article:published_time\" content=\"2025-09-03T09:16:30+00:00\" \/>\n<meta property=\"og:image\" content=\"https:\/\/groupe-sfimmo.ch\/wp-content\/uploads\/sites\/37\/2024\/07\/Geneve_immobilier_gerance-scaled.jpg\" \/>\n\t<meta property=\"og:image:width\" content=\"2560\" \/>\n\t<meta property=\"og:image:height\" content=\"1706\" \/>\n\t<meta property=\"og:image:type\" content=\"image\/jpeg\" \/>\n<meta name=\"author\" content=\"casasoftfr\" \/>\n<meta name=\"twitter:card\" content=\"summary_large_image\" \/>\n<meta name=\"twitter:label1\" content=\"Verfasst von\" \/>\n\t<meta name=\"twitter:data1\" content=\"casasoftfr\" \/>\n<script type=\"application\/ld+json\" class=\"yoast-schema-graph\">{\"@context\":\"https:\\\/\\\/schema.org\",\"@graph\":[{\"@type\":\"Article\",\"@id\":\"https:\\\/\\\/groupe-sfimmo.ch\\\/de\\\/die-beunruhigende-sackgasse-des-schweizer-immobilienmarkts\\\/#article\",\"isPartOf\":{\"@id\":\"https:\\\/\\\/groupe-sfimmo.ch\\\/de\\\/die-beunruhigende-sackgasse-des-schweizer-immobilienmarkts\\\/\"},\"author\":{\"name\":\"casasoftfr\",\"@id\":\"https:\\\/\\\/groupe-sfimmo.ch\\\/de\\\/#\\\/schema\\\/person\\\/e9f0a0ec3aae76455887c26b2101f9ba\"},\"headline\":\"Die beunruhigende Sackgasse des Schweizer Immobilienmarkts\",\"datePublished\":\"2025-09-03T09:16:30+00:00\",\"mainEntityOfPage\":{\"@id\":\"https:\\\/\\\/groupe-sfimmo.ch\\\/de\\\/die-beunruhigende-sackgasse-des-schweizer-immobilienmarkts\\\/\"},\"wordCount\":6,\"publisher\":{\"@id\":\"https:\\\/\\\/groupe-sfimmo.ch\\\/de\\\/#organization\"},\"image\":{\"@id\":\"https:\\\/\\\/groupe-sfimmo.ch\\\/de\\\/die-beunruhigende-sackgasse-des-schweizer-immobilienmarkts\\\/#primaryimage\"},\"thumbnailUrl\":\"https:\\\/\\\/groupe-sfimmo.ch\\\/wp-content\\\/uploads\\\/sites\\\/37\\\/2024\\\/07\\\/Geneve_immobilier_gerance-scaled.jpg\",\"articleSection\":[\"Non classifi\u00e9(e)\"],\"inLanguage\":\"de\"},{\"@type\":\"WebPage\",\"@id\":\"https:\\\/\\\/groupe-sfimmo.ch\\\/de\\\/die-beunruhigende-sackgasse-des-schweizer-immobilienmarkts\\\/\",\"url\":\"https:\\\/\\\/groupe-sfimmo.ch\\\/de\\\/die-beunruhigende-sackgasse-des-schweizer-immobilienmarkts\\\/\",\"name\":\"Die beunruhigende Sackgasse des Schweizer Immobilienmarkts - Groupe SF Immo\",\"isPartOf\":{\"@id\":\"https:\\\/\\\/groupe-sfimmo.ch\\\/de\\\/#website\"},\"primaryImageOfPage\":{\"@id\":\"https:\\\/\\\/groupe-sfimmo.ch\\\/de\\\/die-beunruhigende-sackgasse-des-schweizer-immobilienmarkts\\\/#primaryimage\"},\"image\":{\"@id\":\"https:\\\/\\\/groupe-sfimmo.ch\\\/de\\\/die-beunruhigende-sackgasse-des-schweizer-immobilienmarkts\\\/#primaryimage\"},\"thumbnailUrl\":\"https:\\\/\\\/groupe-sfimmo.ch\\\/wp-content\\\/uploads\\\/sites\\\/37\\\/2024\\\/07\\\/Geneve_immobilier_gerance-scaled.jpg\",\"datePublished\":\"2025-09-03T09:16:30+00:00\",\"inLanguage\":\"de\",\"potentialAction\":[{\"@type\":\"ReadAction\",\"target\":[\"https:\\\/\\\/groupe-sfimmo.ch\\\/de\\\/die-beunruhigende-sackgasse-des-schweizer-immobilienmarkts\\\/\"]}]},{\"@type\":\"ImageObject\",\"inLanguage\":\"de\",\"@id\":\"https:\\\/\\\/groupe-sfimmo.ch\\\/de\\\/die-beunruhigende-sackgasse-des-schweizer-immobilienmarkts\\\/#primaryimage\",\"url\":\"https:\\\/\\\/groupe-sfimmo.ch\\\/wp-content\\\/uploads\\\/sites\\\/37\\\/2024\\\/07\\\/Geneve_immobilier_gerance-scaled.jpg\",\"contentUrl\":\"https:\\\/\\\/groupe-sfimmo.ch\\\/wp-content\\\/uploads\\\/sites\\\/37\\\/2024\\\/07\\\/Geneve_immobilier_gerance-scaled.jpg\",\"width\":2560,\"height\":1706,\"caption\":\"Aerial view of Leman lake - Geneva city in Switzerland\"},{\"@type\":\"WebSite\",\"@id\":\"https:\\\/\\\/groupe-sfimmo.ch\\\/de\\\/#website\",\"url\":\"https:\\\/\\\/groupe-sfimmo.ch\\\/de\\\/\",\"name\":\"Groupe SF Immo\",\"description\":\"\",\"publisher\":{\"@id\":\"https:\\\/\\\/groupe-sfimmo.ch\\\/de\\\/#organization\"},\"potentialAction\":[{\"@type\":\"SearchAction\",\"target\":{\"@type\":\"EntryPoint\",\"urlTemplate\":\"https:\\\/\\\/groupe-sfimmo.ch\\\/de\\\/?s={search_term_string}\"},\"query-input\":{\"@type\":\"PropertyValueSpecification\",\"valueRequired\":true,\"valueName\":\"search_term_string\"}}],\"inLanguage\":\"de\"},{\"@type\":\"Organization\",\"@id\":\"https:\\\/\\\/groupe-sfimmo.ch\\\/de\\\/#organization\",\"name\":\"Groupe SF Immo\",\"url\":\"https:\\\/\\\/groupe-sfimmo.ch\\\/de\\\/\",\"logo\":{\"@type\":\"ImageObject\",\"inLanguage\":\"de\",\"@id\":\"https:\\\/\\\/groupe-sfimmo.ch\\\/de\\\/#\\\/schema\\\/logo\\\/image\\\/\",\"url\":\"https:\\\/\\\/groupe-sfimmo.ch\\\/wp-content\\\/uploads\\\/sites\\\/37\\\/2025\\\/09\\\/25_Groupe-SF-Immo-SA-1.svg\",\"contentUrl\":\"https:\\\/\\\/groupe-sfimmo.ch\\\/wp-content\\\/uploads\\\/sites\\\/37\\\/2025\\\/09\\\/25_Groupe-SF-Immo-SA-1.svg\",\"width\":1317,\"height\":451,\"caption\":\"Groupe SF Immo\"},\"image\":{\"@id\":\"https:\\\/\\\/groupe-sfimmo.ch\\\/de\\\/#\\\/schema\\\/logo\\\/image\\\/\"}},{\"@type\":\"Person\",\"@id\":\"https:\\\/\\\/groupe-sfimmo.ch\\\/de\\\/#\\\/schema\\\/person\\\/e9f0a0ec3aae76455887c26b2101f9ba\",\"name\":\"casasoftfr\"}]}<\/script>\n<!-- \/ Yoast SEO plugin. -->","yoast_head_json":{"title":"Die beunruhigende Sackgasse des Schweizer Immobilienmarkts - Groupe SF Immo","robots":{"index":"noindex","follow":"follow"},"og_locale":"de_DE","og_type":"article","og_title":"Die beunruhigende Sackgasse des Schweizer Immobilienmarkts - Groupe SF Immo","og_description":"EDITORIAL. Der Schweizer Immobilienmarkt ist nicht mehr in der Lage, die Nachfrage in den wichtigsten Ballungsr\u00e4umen des Landes zu befriedigen. Ein Ph\u00e4nomen, das eine gef\u00e4hrliche Zeitbombe darstellt","og_url":"https:\/\/groupe-sfimmo.ch\/de\/die-beunruhigende-sackgasse-des-schweizer-immobilienmarkts\/","og_site_name":"Groupe SF Immo","article_published_time":"2025-09-03T09:16:30+00:00","og_image":[{"width":2560,"height":1706,"url":"https:\/\/groupe-sfimmo.ch\/wp-content\/uploads\/sites\/37\/2024\/07\/Geneve_immobilier_gerance-scaled.jpg","type":"image\/jpeg"}],"author":"casasoftfr","twitter_card":"summary_large_image","twitter_misc":{"Verfasst von":"casasoftfr"},"schema":{"@context":"https:\/\/schema.org","@graph":[{"@type":"Article","@id":"https:\/\/groupe-sfimmo.ch\/de\/die-beunruhigende-sackgasse-des-schweizer-immobilienmarkts\/#article","isPartOf":{"@id":"https:\/\/groupe-sfimmo.ch\/de\/die-beunruhigende-sackgasse-des-schweizer-immobilienmarkts\/"},"author":{"name":"casasoftfr","@id":"https:\/\/groupe-sfimmo.ch\/de\/#\/schema\/person\/e9f0a0ec3aae76455887c26b2101f9ba"},"headline":"Die beunruhigende Sackgasse des Schweizer Immobilienmarkts","datePublished":"2025-09-03T09:16:30+00:00","mainEntityOfPage":{"@id":"https:\/\/groupe-sfimmo.ch\/de\/die-beunruhigende-sackgasse-des-schweizer-immobilienmarkts\/"},"wordCount":6,"publisher":{"@id":"https:\/\/groupe-sfimmo.ch\/de\/#organization"},"image":{"@id":"https:\/\/groupe-sfimmo.ch\/de\/die-beunruhigende-sackgasse-des-schweizer-immobilienmarkts\/#primaryimage"},"thumbnailUrl":"https:\/\/groupe-sfimmo.ch\/wp-content\/uploads\/sites\/37\/2024\/07\/Geneve_immobilier_gerance-scaled.jpg","articleSection":["Non classifi\u00e9(e)"],"inLanguage":"de"},{"@type":"WebPage","@id":"https:\/\/groupe-sfimmo.ch\/de\/die-beunruhigende-sackgasse-des-schweizer-immobilienmarkts\/","url":"https:\/\/groupe-sfimmo.ch\/de\/die-beunruhigende-sackgasse-des-schweizer-immobilienmarkts\/","name":"Die beunruhigende Sackgasse des Schweizer Immobilienmarkts - Groupe SF Immo","isPartOf":{"@id":"https:\/\/groupe-sfimmo.ch\/de\/#website"},"primaryImageOfPage":{"@id":"https:\/\/groupe-sfimmo.ch\/de\/die-beunruhigende-sackgasse-des-schweizer-immobilienmarkts\/#primaryimage"},"image":{"@id":"https:\/\/groupe-sfimmo.ch\/de\/die-beunruhigende-sackgasse-des-schweizer-immobilienmarkts\/#primaryimage"},"thumbnailUrl":"https:\/\/groupe-sfimmo.ch\/wp-content\/uploads\/sites\/37\/2024\/07\/Geneve_immobilier_gerance-scaled.jpg","datePublished":"2025-09-03T09:16:30+00:00","inLanguage":"de","potentialAction":[{"@type":"ReadAction","target":["https:\/\/groupe-sfimmo.ch\/de\/die-beunruhigende-sackgasse-des-schweizer-immobilienmarkts\/"]}]},{"@type":"ImageObject","inLanguage":"de","@id":"https:\/\/groupe-sfimmo.ch\/de\/die-beunruhigende-sackgasse-des-schweizer-immobilienmarkts\/#primaryimage","url":"https:\/\/groupe-sfimmo.ch\/wp-content\/uploads\/sites\/37\/2024\/07\/Geneve_immobilier_gerance-scaled.jpg","contentUrl":"https:\/\/groupe-sfimmo.ch\/wp-content\/uploads\/sites\/37\/2024\/07\/Geneve_immobilier_gerance-scaled.jpg","width":2560,"height":1706,"caption":"Aerial view of Leman lake - Geneva city in Switzerland"},{"@type":"WebSite","@id":"https:\/\/groupe-sfimmo.ch\/de\/#website","url":"https:\/\/groupe-sfimmo.ch\/de\/","name":"Groupe SF Immo","description":"","publisher":{"@id":"https:\/\/groupe-sfimmo.ch\/de\/#organization"},"potentialAction":[{"@type":"SearchAction","target":{"@type":"EntryPoint","urlTemplate":"https:\/\/groupe-sfimmo.ch\/de\/?s={search_term_string}"},"query-input":{"@type":"PropertyValueSpecification","valueRequired":true,"valueName":"search_term_string"}}],"inLanguage":"de"},{"@type":"Organization","@id":"https:\/\/groupe-sfimmo.ch\/de\/#organization","name":"Groupe SF Immo","url":"https:\/\/groupe-sfimmo.ch\/de\/","logo":{"@type":"ImageObject","inLanguage":"de","@id":"https:\/\/groupe-sfimmo.ch\/de\/#\/schema\/logo\/image\/","url":"https:\/\/groupe-sfimmo.ch\/wp-content\/uploads\/sites\/37\/2025\/09\/25_Groupe-SF-Immo-SA-1.svg","contentUrl":"https:\/\/groupe-sfimmo.ch\/wp-content\/uploads\/sites\/37\/2025\/09\/25_Groupe-SF-Immo-SA-1.svg","width":1317,"height":451,"caption":"Groupe SF Immo"},"image":{"@id":"https:\/\/groupe-sfimmo.ch\/de\/#\/schema\/logo\/image\/"}},{"@type":"Person","@id":"https:\/\/groupe-sfimmo.ch\/de\/#\/schema\/person\/e9f0a0ec3aae76455887c26b2101f9ba","name":"casasoftfr"}]}},"_links":{"self":[{"href":"https:\/\/groupe-sfimmo.ch\/de\/wp-json\/wp\/v2\/posts\/2288","targetHints":{"allow":["GET"]}}],"collection":[{"href":"https:\/\/groupe-sfimmo.ch\/de\/wp-json\/wp\/v2\/posts"}],"about":[{"href":"https:\/\/groupe-sfimmo.ch\/de\/wp-json\/wp\/v2\/types\/post"}],"author":[{"embeddable":true,"href":"https:\/\/groupe-sfimmo.ch\/de\/wp-json\/wp\/v2\/users\/23"}],"replies":[{"embeddable":true,"href":"https:\/\/groupe-sfimmo.ch\/de\/wp-json\/wp\/v2\/comments?post=2288"}],"version-history":[{"count":0,"href":"https:\/\/groupe-sfimmo.ch\/de\/wp-json\/wp\/v2\/posts\/2288\/revisions"}],"wp:featuredmedia":[{"embeddable":true,"href":"https:\/\/groupe-sfimmo.ch\/de\/wp-json\/wp\/v2\/media\/2289"}],"wp:attachment":[{"href":"https:\/\/groupe-sfimmo.ch\/de\/wp-json\/wp\/v2\/media?parent=2288"}],"wp:term":[{"taxonomy":"category","embeddable":true,"href":"https:\/\/groupe-sfimmo.ch\/de\/wp-json\/wp\/v2\/categories?post=2288"},{"taxonomy":"post_tag","embeddable":true,"href":"https:\/\/groupe-sfimmo.ch\/de\/wp-json\/wp\/v2\/tags?post=2288"}],"curies":[{"name":"wp","href":"https:\/\/api.w.org\/{rel}","templated":true}]}}